{"id":8198,"date":"2025-11-14T14:42:42","date_gmt":"2025-11-14T14:42:42","guid":{"rendered":"https:\/\/atlantichealthwellnesssummit.com\/mesa-redonda-o-estado-da-arte-na-colaboracao-dos-profissionais-de-saude-ahws-2025\/"},"modified":"2025-12-22T12:09:58","modified_gmt":"2025-12-22T12:09:58","slug":"mesa-redonda-o-estado-da-arte-na-colaboracao-dos-profissionais-de-saude-ahws-2025","status":"publish","type":"post","link":"https:\/\/atlantichealthwellnesssummit.com\/eng\/mesa-redonda-o-estado-da-arte-na-colaboracao-dos-profissionais-de-saude-ahws-2025\/","title":{"rendered":"Mesa Redonda | O Estado da Arte na Colabora\u00e7\u00e3o dos Profissionais de Sa\u00fade | AHWS 2025"},"content":{"rendered":"<p><span class=\"gjFX5HmNeKLR89CQBw0linD7cEfOvGr46JVW2ZUAqY3txMd\"><iframe src=\"https:\/\/www.youtube.com\/embed\/OPeg9DCGbKw?feature=oembed\" width=\"800\" height=\"450\" frameborder=\"0\" allowfullscreen=\"allowfullscreen\"><\/iframe><\/span><\/p>\n<p>Um dos momentos mais institucionais e relevantes do Atlantic Health Wellness Summit 2025: a Mesa Redonda sobre a Colabora\u00e7\u00e3o dos Profissionais de Sa\u00fade, moderada por Maria de Bel\u00e9m Roseira, antiga Ministra da Sa\u00fade e para a Igualdade.<\/p>\n<p>A conversa reuniu os l\u00edderes das principais Ordens Profissionais da \u00e1rea da sa\u00fade para debater os desafios da coopera\u00e7\u00e3o interprofissional e o futuro dos cuidados integrados em Portugal.<\/p>\n<p>Participantes:<br \/>\n\u2022 Maria de Bel\u00e9m Roseira \u2013 Moderadora<br \/>\n\u2022 H\u00e9lder Mota Filipe \u2013 Baston\u00e1rio da Ordem dos Farmac\u00eauticos<span style=\"font-size: revert; color: initial;\"><br \/>\n<\/span>\u2022 Miguel Pav\u00e3o \u2013 Baston\u00e1rio da Ordem dos M\u00e9dicos Dentistas<br \/>\n\u2022 Liliana Sousa \u2013 Baston\u00e1ria da Ordem dos Nutricionistas<br \/>\n\u2022 Daniel Teixeira Coelho \u2013 Vice-Presidente da Ordem dos Psic\u00f3logos<br \/>\n<span style=\"font-size: revert; color: initial;\">\u2022 Fernanda Estevinho &#8211; Vice-Presidente da sec\u00e7\u00e3o regional do Norte da Ordem dos M\u00e9dicos<br \/>\n\u2022 Jo\u00e3o Paulo Carvalho &#8211; Vice-Presidente da Ordem dos Enfermeiros<\/span><\/p>\n<p>Temas principais abordados:<br \/>\n1. O papel das Ordens Profissionais na integra\u00e7\u00e3o e humaniza\u00e7\u00e3o dos cuidados de sa\u00fade<br \/>\n2. Barreiras \u00e0 colabora\u00e7\u00e3o interprofissional e caminhos para super\u00e1-las<br \/>\n3. O impacto da literacia em sa\u00fade e da \u00e9tica na presta\u00e7\u00e3o de cuidados<\/p>\n<p>\ud83d\udccd Local: Alf\u00e2ndega do Porto<br \/>\n\ud83d\udcc5 Data: 10 de outubro de 2025<br \/>\n\ud83c\udfa4 Evento: Atlantic Health Wellness Summit 2025<br \/>\n\ud83c\udf10 <a href=\"http:\/\/www.AtlanticHealthWellnessSummit.com\" rel=\"nofollow\">http:\/\/www.AtlanticHealthWellnessSummit.com<\/a><\/p>\n<p>#AHWS2025 #MariaDeBel\u00e9mRoseira #H\u00e9lderMotaFilipe #MiguelPav\u00e3o #LilianaSousa #DanielTeixeiraCoelho #Sa\u00fade #Colabora\u00e7\u00e3o #OrdensProfissionais #HealthSummit #Porto<\/p>","protected":false},"excerpt":{"rendered":"<p>Um dos momentos mais institucionais e relevantes do Atlantic Health Wellness Summit 2025: a Mesa Redonda sobre a Colabora\u00e7\u00e3o dos Profissionais de Sa\u00fade, moderada por Maria de Bel\u00e9m Roseira, antiga Ministra da Sa\u00fade e para a Igualdade.<\/p>\n<p>A conversa reuniu os l\u00edderes das principais Ordens Profissionais da \u00e1rea da sa\u00fade para debater os desafios da coopera\u00e7\u00e3o interprofissional e o futuro dos cuidados integrados em Portugal.<\/p>\n<p>Participantes:<br \/>\n \u2022 Maria de Bel\u00e9m Roseira \u2013 Moderadora<br \/>\n \u2022 H\u00e9lder Mota Filipe \u2013 Baston\u00e1rio da Ordem dos Farmac\u00eauticos<br \/>\n \u2022 Miguel Pav\u00e3o \u2013 Baston\u00e1rio da Ordem dos M\u00e9dicos Dentistas<br \/>\n \u2022 Liliana Sousa \u2013 Baston\u00e1ria da Ordem dos Nutricionistas<br \/>\n \u2022 Daniel Teixeira Coelho \u2013 Vice-Presidente da Ordem dos Psic\u00f3logos<\/p>\n<p>Temas principais abordados:<br \/>\n 1. O papel das Ordens Profissionais na integra\u00e7\u00e3o e humaniza\u00e7\u00e3o dos cuidados de sa\u00fade<br \/>\n 2. Barreiras \u00e0 colabora\u00e7\u00e3o interprofissional e caminhos para super\u00e1-las<br \/>\n 3. O impacto da literacia em sa\u00fade e da \u00e9tica na presta\u00e7\u00e3o de cuidados<\/p>\n<p>\ud83d\udccd Local: Alf\u00e2ndega do Porto<br \/>\n\ud83d\udcc5 Data: 10 de outubro de 2025<br \/>\n\ud83c\udfa4 Evento: Atlantic Health Wellness Summit 2025<br \/>\n\ud83c\udf10 www.AtlanticHealthWellnessSummit.com<\/p>\n<p>#AHWS2025 #MariaDeBel\u00e9mRoseira #H\u00e9lderMotaFilipe #MiguelPav\u00e3o #LilianaSousa #DanielTeixeiraCoelho #Sa\u00fade #Colabora\u00e7\u00e3o #OrdensProfissionais #HealthSummit #Porto<\/p>","protected":false},"author":34,"featured_media":8248,"comment_status":"open","ping_status":"closed","sticky":false,"template":"","format":"standard","meta":{"footnotes":""},"categories":[87,81],"tags":[],"class_list":["post-8198","post","type-post","status-publish","format-standard","has-post-thumbnail","hentry","category-dia-1-10-out","category-video"],"aioseo_notices":[],"_links":{"self":[{"href":"https:\/\/atlantichealthwellnesssummit.com\/eng\/wp-json\/wp\/v2\/posts\/8198","targetHints":{"allow":["GET"]}}],"collection":[{"href":"https:\/\/atlantichealthwellnesssummit.com\/eng\/wp-json\/wp\/v2\/posts"}],"about":[{"href":"https:\/\/atlantichealthwellnesssummit.com\/eng\/wp-json\/wp\/v2\/types\/post"}],"author":[{"embeddable":true,"href":"https:\/\/atlantichealthwellnesssummit.com\/eng\/wp-json\/wp\/v2\/users\/34"}],"replies":[{"embeddable":true,"href":"https:\/\/atlantichealthwellnesssummit.com\/eng\/wp-json\/wp\/v2\/comments?post=8198"}],"version-history":[{"count":2,"href":"https:\/\/atlantichealthwellnesssummit.com\/eng\/wp-json\/wp\/v2\/posts\/8198\/revisions"}],"predecessor-version":[{"id":8777,"href":"https:\/\/atlantichealthwellnesssummit.com\/eng\/wp-json\/wp\/v2\/posts\/8198\/revisions\/8777"}],"wp:featuredmedia":[{"embeddable":true,"href":"https:\/\/atlantichealthwellnesssummit.com\/eng\/wp-json\/wp\/v2\/media\/8248"}],"wp:attachment":[{"href":"https:\/\/atlantichealthwellnesssummit.com\/eng\/wp-json\/wp\/v2\/media?parent=8198"}],"wp:term":[{"taxonomy":"category","embeddable":true,"href":"https:\/\/atlantichealthwellnesssummit.com\/eng\/wp-json\/wp\/v2\/categories?post=8198"},{"taxonomy":"post_tag","embeddable":true,"href":"https:\/\/atlantichealthwellnesssummit.com\/eng\/wp-json\/wp\/v2\/tags?post=8198"}],"curies":[{"name":"wp","href":"https:\/\/api.w.org\/{rel}","templated":true}]}}